{"id":651,"date":"2024-05-11T08:29:09","date_gmt":"2024-05-11T06:29:09","guid":{"rendered":"https:\/\/mzk.witnica.pl\/?p=651"},"modified":"2024-07-23T13:54:40","modified_gmt":"2024-07-23T11:54:40","slug":"ogloszenie-2","status":"publish","type":"post","link":"https:\/\/mzk.witnica.pl\/?p=651","title":{"rendered":"Og\u0142oszenie"},"content":{"rendered":"\n<p>W zwi\u0105zku z trwaj\u0105cym remontem ul. Sikorskiego i konieczno\u015bci\u0105 przebudowy wodoci\u0105gu miejskiego w tej ulicy, w dniu 13.05.2024r. od godziny 23.00 do dnia 14.05.2024r. do godziny 05.00 nast\u0105pi przerwa w dostawie wody dla mieszka\u0144c\u00f3w miejscowo\u015bci Witnica, Bia\u0142cz i Bia\u0142czyk zasilanych z wodoci\u0105gu Witnica. Za powsta\u0142e utrudnienia przepraszamy.<\/p>\n","protected":false},"excerpt":{"rendered":"<p>W zwi\u0105zku z trwaj\u0105cym remontem ul. Sikorskiego i konieczno\u015bci\u0105 przebudowy wodoci\u0105gu miejskiego w tej ulicy, w dniu 13.05.2024r. od godziny 23.00 do dnia 14.05.2024r. do godziny 05.00 nast\u0105pi przerwa w &hellip; <\/p>\n","protected":false},"author":1,"featured_media":0,"comment_status":"open","ping_status":"open","sticky":false,"template":"","format":"standard","meta":{"footnotes":""},"categories":[6],"tags":[],"class_list":["post-651","post","type-post","status-publish","format-standard","hentry","category-aktualnosci","has-meta has-sticky-meta"],"yoast_head":"<!-- This site is optimized with the Yoast SEO plugin v23.1 - https:\/\/yoast.com\/wordpress\/plugins\/seo\/ -->\n<title>Og\u0142oszenie - Miejskie Zak\u0142ady Komunalne Sp. z o.o. w Witnicy<\/title>\n<meta name=\"robots\" content=\"index, follow, max-snippet:-1, max-image-preview:large, max-video-preview:-1\" \/>\n<link rel=\"canonical\" href=\"https:\/\/mzk.witnica.pl\/?p=651\" \/>\n<meta property=\"og:locale\" content=\"pl_PL\" \/>\n<meta property=\"og:type\" content=\"article\" \/>\n<meta property=\"og:title\" content=\"Og\u0142oszenie - Miejskie Zak\u0142ady Komunalne Sp. z o.o. w Witnicy\" \/>\n<meta property=\"og:description\" content=\"W zwi\u0105zku z trwaj\u0105cym remontem ul. Sikorskiego i konieczno\u015bci\u0105 przebudowy wodoci\u0105gu miejskiego w tej ulicy, w dniu 13.05.2024r. od godziny 23.00 do dnia 14.05.2024r. do godziny 05.00 nast\u0105pi przerwa w &hellip;\" \/>\n<meta property=\"og:url\" content=\"https:\/\/mzk.witnica.pl\/?p=651\" \/>\n<meta property=\"og:site_name\" content=\"Miejskie Zak\u0142ady Komunalne Sp. z o.o. w Witnicy\" \/>\n<meta property=\"article:published_time\" content=\"2024-05-11T06:29:09+00:00\" \/>\n<meta property=\"article:modified_time\" content=\"2024-07-23T11:54:40+00:00\" \/>\n<meta name=\"author\" content=\"admin\" \/>\n<meta name=\"twitter:card\" content=\"summary_large_image\" \/>\n<meta name=\"twitter:label1\" content=\"Napisane przez\" \/>\n\t<meta name=\"twitter:data1\" content=\"admin\" \/>\n<script type=\"application\/ld+json\" class=\"yoast-schema-graph\">{\"@context\":\"https:\/\/schema.org\",\"@graph\":[{\"@type\":\"Article\",\"@id\":\"https:\/\/mzk.witnica.pl\/?p=651#article\",\"isPartOf\":{\"@id\":\"https:\/\/mzk.witnica.pl\/?p=651\"},\"author\":{\"name\":\"admin\",\"@id\":\"https:\/\/mzk.witnica.pl\/#\/schema\/person\/6d7a74d8f909aa3cccb7798014b8bdb7\"},\"headline\":\"Og\u0142oszenie\",\"datePublished\":\"2024-05-11T06:29:09+00:00\",\"dateModified\":\"2024-07-23T11:54:40+00:00\",\"mainEntityOfPage\":{\"@id\":\"https:\/\/mzk.witnica.pl\/?p=651\"},\"wordCount\":59,\"commentCount\":0,\"publisher\":{\"@id\":\"https:\/\/mzk.witnica.pl\/#organization\"},\"articleSection\":[\"AKTUALNO\u015aCI\"],\"inLanguage\":\"pl-PL\",\"potentialAction\":[{\"@type\":\"CommentAction\",\"name\":\"Comment\",\"target\":[\"https:\/\/mzk.witnica.pl\/?p=651#respond\"]}]},{\"@type\":\"WebPage\",\"@id\":\"https:\/\/mzk.witnica.pl\/?p=651\",\"url\":\"https:\/\/mzk.witnica.pl\/?p=651\",\"name\":\"Og\u0142oszenie - Miejskie Zak\u0142ady Komunalne Sp. z o.o. w Witnicy\",\"isPartOf\":{\"@id\":\"https:\/\/mzk.witnica.pl\/#website\"},\"datePublished\":\"2024-05-11T06:29:09+00:00\",\"dateModified\":\"2024-07-23T11:54:40+00:00\",\"breadcrumb\":{\"@id\":\"https:\/\/mzk.witnica.pl\/?p=651#breadcrumb\"},\"inLanguage\":\"pl-PL\",\"potentialAction\":[{\"@type\":\"ReadAction\",\"target\":[\"https:\/\/mzk.witnica.pl\/?p=651\"]}]},{\"@type\":\"BreadcrumbList\",\"@id\":\"https:\/\/mzk.witnica.pl\/?p=651#breadcrumb\",\"itemListElement\":[{\"@type\":\"ListItem\",\"position\":1,\"name\":\"Home\",\"item\":\"https:\/\/mzk.witnica.pl\/\"},{\"@type\":\"ListItem\",\"position\":2,\"name\":\"Og\u0142oszenie\"}]},{\"@type\":\"WebSite\",\"@id\":\"https:\/\/mzk.witnica.pl\/#website\",\"url\":\"https:\/\/mzk.witnica.pl\/\",\"name\":\"Miejskie Zak\u0142ady Komunalne Sp. z o.o. w Witnicy\",\"description\":\"ul. Kosynier\u00f3w Miros\u0142awskich 1, 66-460 Witnica\",\"publisher\":{\"@id\":\"https:\/\/mzk.witnica.pl\/#organization\"},\"potentialAction\":[{\"@type\":\"SearchAction\",\"target\":{\"@type\":\"EntryPoint\",\"urlTemplate\":\"https:\/\/mzk.witnica.pl\/?s={search_term_string}\"},\"query-input\":\"required name=search_term_string\"}],\"inLanguage\":\"pl-PL\"},{\"@type\":\"Organization\",\"@id\":\"https:\/\/mzk.witnica.pl\/#organization\",\"name\":\"Miejskie Zak\u0142ady Komunalne Sp. z o.o. w Witnicy\",\"url\":\"https:\/\/mzk.witnica.pl\/\",\"logo\":{\"@type\":\"ImageObject\",\"inLanguage\":\"pl-PL\",\"@id\":\"https:\/\/mzk.witnica.pl\/#\/schema\/logo\/image\/\",\"url\":\"https:\/\/mzk.witnica.pl\/wp-content\/uploads\/2024\/07\/cropped-cropped-Logo-Dobre.jpg\",\"contentUrl\":\"https:\/\/mzk.witnica.pl\/wp-content\/uploads\/2024\/07\/cropped-cropped-Logo-Dobre.jpg\",\"width\":516,\"height\":519,\"caption\":\"Miejskie Zak\u0142ady Komunalne Sp. z o.o.  w Witnicy\"},\"image\":{\"@id\":\"https:\/\/mzk.witnica.pl\/#\/schema\/logo\/image\/\"}},{\"@type\":\"Person\",\"@id\":\"https:\/\/mzk.witnica.pl\/#\/schema\/person\/6d7a74d8f909aa3cccb7798014b8bdb7\",\"name\":\"admin\",\"image\":{\"@type\":\"ImageObject\",\"inLanguage\":\"pl-PL\",\"@id\":\"https:\/\/mzk.witnica.pl\/#\/schema\/person\/image\/\",\"url\":\"https:\/\/secure.gravatar.com\/avatar\/a41b84de01ecbbef0dcca5e09936c0864bdb94a7923890d1e2d916be0e82130b?s=96&d=mm&r=g\",\"contentUrl\":\"https:\/\/secure.gravatar.com\/avatar\/a41b84de01ecbbef0dcca5e09936c0864bdb94a7923890d1e2d916be0e82130b?s=96&d=mm&r=g\",\"caption\":\"admin\"},\"sameAs\":[\"http:\/\/mzk.witnica.pl\"],\"url\":\"https:\/\/mzk.witnica.pl\/?author=1\"}]}<\/script>\n<!-- \/ Yoast SEO plugin. -->","yoast_head_json":{"title":"Og\u0142oszenie - Miejskie Zak\u0142ady Komunalne Sp. z o.o. w Witnicy","robots":{"index":"index","follow":"follow","max-snippet":"max-snippet:-1","max-image-preview":"max-image-preview:large","max-video-preview":"max-video-preview:-1"},"canonical":"https:\/\/mzk.witnica.pl\/?p=651","og_locale":"pl_PL","og_type":"article","og_title":"Og\u0142oszenie - Miejskie Zak\u0142ady Komunalne Sp. z o.o. w Witnicy","og_description":"W zwi\u0105zku z trwaj\u0105cym remontem ul. Sikorskiego i konieczno\u015bci\u0105 przebudowy wodoci\u0105gu miejskiego w tej ulicy, w dniu 13.05.2024r. od godziny 23.00 do dnia 14.05.2024r. do godziny 05.00 nast\u0105pi przerwa w &hellip;","og_url":"https:\/\/mzk.witnica.pl\/?p=651","og_site_name":"Miejskie Zak\u0142ady Komunalne Sp. z o.o. w Witnicy","article_published_time":"2024-05-11T06:29:09+00:00","article_modified_time":"2024-07-23T11:54:40+00:00","author":"admin","twitter_card":"summary_large_image","twitter_misc":{"Napisane przez":"admin"},"schema":{"@context":"https:\/\/schema.org","@graph":[{"@type":"Article","@id":"https:\/\/mzk.witnica.pl\/?p=651#article","isPartOf":{"@id":"https:\/\/mzk.witnica.pl\/?p=651"},"author":{"name":"admin","@id":"https:\/\/mzk.witnica.pl\/#\/schema\/person\/6d7a74d8f909aa3cccb7798014b8bdb7"},"headline":"Og\u0142oszenie","datePublished":"2024-05-11T06:29:09+00:00","dateModified":"2024-07-23T11:54:40+00:00","mainEntityOfPage":{"@id":"https:\/\/mzk.witnica.pl\/?p=651"},"wordCount":59,"commentCount":0,"publisher":{"@id":"https:\/\/mzk.witnica.pl\/#organization"},"articleSection":["AKTUALNO\u015aCI"],"inLanguage":"pl-PL","potentialAction":[{"@type":"CommentAction","name":"Comment","target":["https:\/\/mzk.witnica.pl\/?p=651#respond"]}]},{"@type":"WebPage","@id":"https:\/\/mzk.witnica.pl\/?p=651","url":"https:\/\/mzk.witnica.pl\/?p=651","name":"Og\u0142oszenie - Miejskie Zak\u0142ady Komunalne Sp. z o.o. w Witnicy","isPartOf":{"@id":"https:\/\/mzk.witnica.pl\/#website"},"datePublished":"2024-05-11T06:29:09+00:00","dateModified":"2024-07-23T11:54:40+00:00","breadcrumb":{"@id":"https:\/\/mzk.witnica.pl\/?p=651#breadcrumb"},"inLanguage":"pl-PL","potentialAction":[{"@type":"ReadAction","target":["https:\/\/mzk.witnica.pl\/?p=651"]}]},{"@type":"BreadcrumbList","@id":"https:\/\/mzk.witnica.pl\/?p=651#breadcrumb","itemListElement":[{"@type":"ListItem","position":1,"name":"Home","item":"https:\/\/mzk.witnica.pl\/"},{"@type":"ListItem","position":2,"name":"Og\u0142oszenie"}]},{"@type":"WebSite","@id":"https:\/\/mzk.witnica.pl\/#website","url":"https:\/\/mzk.witnica.pl\/","name":"Miejskie Zak\u0142ady Komunalne Sp. z o.o. w Witnicy","description":"ul. Kosynier\u00f3w Miros\u0142awskich 1, 66-460 Witnica","publisher":{"@id":"https:\/\/mzk.witnica.pl\/#organization"},"potentialAction":[{"@type":"SearchAction","target":{"@type":"EntryPoint","urlTemplate":"https:\/\/mzk.witnica.pl\/?s={search_term_string}"},"query-input":"required name=search_term_string"}],"inLanguage":"pl-PL"},{"@type":"Organization","@id":"https:\/\/mzk.witnica.pl\/#organization","name":"Miejskie Zak\u0142ady Komunalne Sp. z o.o. w Witnicy","url":"https:\/\/mzk.witnica.pl\/","logo":{"@type":"ImageObject","inLanguage":"pl-PL","@id":"https:\/\/mzk.witnica.pl\/#\/schema\/logo\/image\/","url":"https:\/\/mzk.witnica.pl\/wp-content\/uploads\/2024\/07\/cropped-cropped-Logo-Dobre.jpg","contentUrl":"https:\/\/mzk.witnica.pl\/wp-content\/uploads\/2024\/07\/cropped-cropped-Logo-Dobre.jpg","width":516,"height":519,"caption":"Miejskie Zak\u0142ady Komunalne Sp. z o.o.  w Witnicy"},"image":{"@id":"https:\/\/mzk.witnica.pl\/#\/schema\/logo\/image\/"}},{"@type":"Person","@id":"https:\/\/mzk.witnica.pl\/#\/schema\/person\/6d7a74d8f909aa3cccb7798014b8bdb7","name":"admin","image":{"@type":"ImageObject","inLanguage":"pl-PL","@id":"https:\/\/mzk.witnica.pl\/#\/schema\/person\/image\/","url":"https:\/\/secure.gravatar.com\/avatar\/a41b84de01ecbbef0dcca5e09936c0864bdb94a7923890d1e2d916be0e82130b?s=96&d=mm&r=g","contentUrl":"https:\/\/secure.gravatar.com\/avatar\/a41b84de01ecbbef0dcca5e09936c0864bdb94a7923890d1e2d916be0e82130b?s=96&d=mm&r=g","caption":"admin"},"sameAs":["http:\/\/mzk.witnica.pl"],"url":"https:\/\/mzk.witnica.pl\/?author=1"}]}},"_links":{"self":[{"href":"https:\/\/mzk.witnica.pl\/index.php?rest_route=\/wp\/v2\/posts\/651","targetHints":{"allow":["GET"]}}],"collection":[{"href":"https:\/\/mzk.witnica.pl\/index.php?rest_route=\/wp\/v2\/posts"}],"about":[{"href":"https:\/\/mzk.witnica.pl\/index.php?rest_route=\/wp\/v2\/types\/post"}],"author":[{"embeddable":true,"href":"https:\/\/mzk.witnica.pl\/index.php?rest_route=\/wp\/v2\/users\/1"}],"replies":[{"embeddable":true,"href":"https:\/\/mzk.witnica.pl\/index.php?rest_route=%2Fwp%2Fv2%2Fcomments&post=651"}],"version-history":[{"count":1,"href":"https:\/\/mzk.witnica.pl\/index.php?rest_route=\/wp\/v2\/posts\/651\/revisions"}],"predecessor-version":[{"id":652,"href":"https:\/\/mzk.witnica.pl\/index.php?rest_route=\/wp\/v2\/posts\/651\/revisions\/652"}],"wp:attachment":[{"href":"https:\/\/mzk.witnica.pl\/index.php?rest_route=%2Fwp%2Fv2%2Fmedia&parent=651"}],"wp:term":[{"taxonomy":"category","embeddable":true,"href":"https:\/\/mzk.witnica.pl\/index.php?rest_route=%2Fwp%2Fv2%2Fcategories&post=651"},{"taxonomy":"post_tag","embeddable":true,"href":"https:\/\/mzk.witnica.pl\/index.php?rest_route=%2Fwp%2Fv2%2Ftags&post=651"}],"curies":[{"name":"wp","href":"https:\/\/api.w.org\/{rel}","templated":true}]}}